{"id":30128,"date":"2026-01-21T14:52:38","date_gmt":"2026-01-21T13:52:38","guid":{"rendered":"https:\/\/www.nuvia.com\/?p=30128"},"modified":"2026-01-22T10:14:12","modified_gmt":"2026-01-22T09:14:12","slug":"lansering-av-serien-manadens-portratt","status":"publish","type":"post","link":"https:\/\/www.nuvia.com\/sv\/lansering-av-serien-manadens-portratt\/","title":{"rendered":"Lansering av serien \u201dM\u00e5nadens portr\u00e4tt\u201d"},"content":{"rendered":"<p><div class=\"fusion-fullwidth fullwidth-box fusion-builder-row-1 fusion-flex-container has-pattern-background has-mask-background nonhundred-percent-fullwidth non-hundred-percent-height-scrolling\" style=\"--awb-border-radius-top-left:0px;--awb-border-radius-top-right:0px;--awb-border-radius-bottom-right:0px;--awb-border-radius-bottom-left:0px;--awb-flex-wrap:wrap;\" ><div class=\"fusion-builder-row fusion-row fusion-flex-align-items-flex-start fusion-flex-content-wrap\" style=\"max-width:1248px;margin-left: calc(-4% \/ 2 );margin-right: calc(-4% \/ 2 );\"><div class=\"fusion-layout-column fusion_builder_column fusion-builder-column-0 fusion_builder_column_2_5 2_5 fusion-flex-column\" style=\"--awb-bg-size:cover;--awb-width-large:40%;--awb-margin-top-large:0px;--awb-spacing-right-large:4.8%;--awb-margin-bottom-large:20px;--awb-spacing-left-large:4.8%;--awb-width-medium:40%;--awb-order-medium:0;--awb-spacing-right-medium:4.8%;--awb-spacing-left-medium:4.8%;--awb-width-small:100%;--awb-order-small:0;--awb-spacing-right-small:1.92%;--awb-spacing-left-small:1.92%;\"><div class=\"fusion-column-wrapper fusion-column-has-shadow fusion-flex-justify-content-flex-start fusion-content-layout-column\"><div class=\"fusion-image-element \" style=\"--awb-caption-title-font-family:var(--h2_typography-font-family);--awb-caption-title-font-weight:var(--h2_typography-font-weight);--awb-caption-title-font-style:var(--h2_typography-font-style);--awb-caption-title-size:var(--h2_typography-font-size);--awb-caption-title-transform:var(--h2_typography-text-transform);--awb-caption-title-line-height:var(--h2_typography-line-height);--awb-caption-title-letter-spacing:var(--h2_typography-letter-spacing);\"><span class=\" fusion-imageframe imageframe-none imageframe-1 hover-type-none\"><img decoding=\"async\" width=\"800\" height=\"533\" alt=\"Launch of the \u201cPortrait of the Month\u201d Series web nuvia news\" title=\"Launch of the \u201cPortrait of the Month\u201d Series web nuvia news\" src=\"https:\/\/www.nuvia.com\/wp-content\/uploads\/sites\/2\/2026\/01\/Launch-of-the-Portrait-of-the-Month-Series-web-nuvia-news.jpg\" data-orig-src=\"https:\/\/www.nuvia.com\/wp-content\/uploads\/sites\/2\/2026\/01\/Launch-of-the-Portrait-of-the-Month-Series-web-nuvia-news.jpg\" class=\"lazyload img-responsive wp-image-30125\" srcset=\"data:image\/svg+xml,%3Csvg%20xmlns%3D%27http%3A%2F%2Fwww.w3.org%2F2000%2Fsvg%27%20width%3D%27800%27%20height%3D%27533%27%20viewBox%3D%270%200%20800%20533%27%3E%3Crect%20width%3D%27800%27%20height%3D%27533%27%20fill-opacity%3D%220%22%2F%3E%3C%2Fsvg%3E\" data-srcset=\"https:\/\/www.nuvia.com\/wp-content\/uploads\/sites\/2\/2026\/01\/Launch-of-the-Portrait-of-the-Month-Series-web-nuvia-news-200x133.jpg 200w, https:\/\/www.nuvia.com\/wp-content\/uploads\/sites\/2\/2026\/01\/Launch-of-the-Portrait-of-the-Month-Series-web-nuvia-news-400x267.jpg 400w, https:\/\/www.nuvia.com\/wp-content\/uploads\/sites\/2\/2026\/01\/Launch-of-the-Portrait-of-the-Month-Series-web-nuvia-news-600x400.jpg 600w, https:\/\/www.nuvia.com\/wp-content\/uploads\/sites\/2\/2026\/01\/Launch-of-the-Portrait-of-the-Month-Series-web-nuvia-news.jpg 800w\" data-sizes=\"auto\" data-orig-sizes=\"(max-width: 700px) 100vw, 600px\" \/><\/span><\/div><\/div><\/div><div class=\"fusion-layout-column fusion_builder_column fusion-builder-column-1 fusion_builder_column_3_5 3_5 fusion-flex-column\" style=\"--awb-padding-right:0px;--awb-bg-size:cover;--awb-width-large:60%;--awb-margin-top-large:0px;--awb-spacing-right-large:0px;--awb-margin-bottom-large:20px;--awb-spacing-left-large:3.2%;--awb-width-medium:60%;--awb-order-medium:0;--awb-spacing-right-medium:0px;--awb-spacing-left-medium:3.2%;--awb-width-small:100%;--awb-order-small:0;--awb-spacing-right-small:1.92%;--awb-spacing-left-small:1.92%;\" data-scroll-devices=\"small-visibility,medium-visibility,large-visibility\"><div class=\"fusion-column-wrapper fusion-column-has-shadow fusion-flex-justify-content-flex-start fusion-content-layout-column\"><div class=\"fusion-title title fusion-title-1 fusion-sep-none fusion-title-text fusion-title-size-three\" style=\"--awb-text-color:var(--awb-color2);--awb-margin-bottom:10px;--awb-margin-top-small:10px;--awb-margin-right-small:0px;--awb-margin-bottom-small:10px;--awb-margin-left-small:0px;--awb-font-size:30px;\"><h3 class=\"fusion-title-heading title-heading-left\" style=\"font-family:&quot;vinci_sans_bold&quot;;font-style:normal;font-weight:400;margin:0;font-size:1em;line-height:1.1;\">Bakom varje projekt finns det talangfulla m\u00e4nniskor.<\/h3><\/div><div class=\"fusion-text fusion-text-1\" style=\"--awb-content-alignment:justify;\"><p>Vi \u00e4r glada att kunna lansera v\u00e5r nya serie \u201dMedarbetarportr\u00e4tt\u201d, som \u00e4r till\u00e4gnad dem som g\u00f6r NUVIA till vad det \u00e4r. Varje m\u00e5nad bjuder vi in dig att uppt\u00e4cka deras resa, deras utmaningar och vad som inspirerar dem.<\/p>\n<p>F\u00f6r att inleda denna serie presenterar vi Ana\u00efs PROLONGEAU, projektledare p\u00e5 NUVIA France. Efter 12 \u00e5r inom offshore olje- och gasindustrin best\u00e4mde sig Ana\u00efs f\u00f6r att anta en ny utmaning: k\u00e4rnkraft. Hon delar med sig av sin ber\u00e4ttelse, de utmaningar hon m\u00f6ter och vad som driver henne varje dag.<\/p>\n<\/div><\/div><\/div><\/div><\/div><div class=\"fusion-fullwidth fullwidth-box fusion-builder-row-2 fusion-flex-container has-pattern-background has-mask-background nonhundred-percent-fullwidth non-hundred-percent-height-scrolling join-us-intro\" style=\"--awb-border-radius-top-left:0px;--awb-border-radius-top-right:0px;--awb-border-radius-bottom-right:0px;--awb-border-radius-bottom-left:0px;--awb-padding-top:3%;--awb-padding-bottom:2%;--awb-flex-wrap:wrap;\" ><div class=\"fusion-builder-row fusion-row fusion-flex-align-items-stretch fusion-flex-content-wrap\" style=\"max-width:1248px;margin-left: calc(-4% \/ 2 );margin-right: calc(-4% \/ 2 );\"><div class=\"fusion-layout-column fusion_builder_column fusion-builder-column-2 fusion_builder_column_1_1 1_1 fusion-flex-column\" style=\"--awb-padding-top:0px;--awb-padding-right:0px;--awb-padding-bottom:0px;--awb-padding-left:0px;--awb-bg-size:cover;--awb-width-large:100%;--awb-margin-top-large:0px;--awb-spacing-right-large:1.92%;--awb-margin-bottom-large:0px;--awb-spacing-left-large:1.92%;--awb-width-medium:100%;--awb-order-medium:0;--awb-spacing-right-medium:1.92%;--awb-spacing-left-medium:1.92%;--awb-width-small:100%;--awb-order-small:0;--awb-spacing-right-small:1.92%;--awb-spacing-left-small:1.92%;\" data-scroll-devices=\"small-visibility,medium-visibility,large-visibility\"><div class=\"fusion-column-wrapper fusion-column-has-shadow fusion-flex-justify-content-flex-start fusion-content-layout-column\"><div class=\"fusion-title title fusion-title-2 fusion-sep-none fusion-title-text fusion-title-size-two\" style=\"--awb-text-color:var(--awb-color4);--awb-margin-top:0px;--awb-margin-bottom:16px;--awb-margin-top-small:10px;--awb-margin-right-small:0px;--awb-margin-bottom-small:10px;--awb-margin-left-small:0px;--awb-font-size:35px;\"><h2 class=\"fusion-title-heading title-heading-left\" style=\"font-family:&quot;vinci_sans_regular&quot;;font-style:normal;font-weight:400;margin:0;font-size:1em;line-height:1.1;\"><strong>Introduktion &amp; Karri\u00e4rv\u00e4g<\/strong><\/h2><\/div><div class=\"fusion-separator fusion-full-width-sep\" style=\"align-self: center;margin-left: auto;margin-right: auto;margin-top:30px;width:100%;\"><\/div><div class=\"fusion-title title fusion-title-3 fusion-sep-none fusion-title-text fusion-title-size-two\" style=\"--awb-text-color:var(--awb-color5);--awb-margin-top:0px;--awb-margin-bottom:16px;--awb-margin-top-small:10px;--awb-margin-right-small:0px;--awb-margin-bottom-small:10px;--awb-margin-left-small:0px;--awb-font-size:25px;\"><h2 class=\"fusion-title-heading title-heading-left\" style=\"font-family:&quot;vinci_sans_regular&quot;;font-style:normal;font-weight:400;margin:0;font-size:1em;line-height:1.1;\"><strong>Kan du presentera dig sj\u00e4lv med n\u00e5gra ord?<\/strong><\/h2><\/div><div class=\"fusion-text fusion-text-2 sm-text-align-justify fusion-text-no-margin\" style=\"--awb-content-alignment:left;--awb-font-size:var(--awb-typography4-font-size);--awb-line-height:var(--awb-typography4-line-height);--awb-letter-spacing:var(--awb-typography4-letter-spacing);--awb-text-transform:var(--awb-typography4-text-transform);--awb-text-color:var(--awb-custom_color_6);--awb-margin-top:0px;--awb-margin-right:0px;--awb-margin-bottom:10px;--awb-margin-left:0px;--awb-text-font-family:var(--awb-typography4-font-family);--awb-text-font-weight:var(--awb-typography4-font-weight);--awb-text-font-style:var(--awb-typography4-font-style);\"><p>Jag \u00e4r projektingenj\u00f6r, specialiserad p\u00e5 att samordna och leda storskaliga projekt. Det som motiverar mig varje dag \u00e4r kreativiteten som kr\u00e4vs f\u00f6r att hitta praktiska l\u00f6sningar och lagarbetet i en milj\u00f6 som \u00e4r b\u00e5de v\u00e4nlig och effektiv.<br \/>\nVid sidan av mitt arbete \u00e4r jag engagerad i flera organisationer som uppmuntrar kvinnor att satsa p\u00e5 karri\u00e4rer inom vetenskap och teknik \u2013 en fr\u00e5ga som ligger mig s\u00e4rskilt varmt om hj\u00e4rtat.<\/p>\n<\/div><div class=\"fusion-title title fusion-title-4 fusion-sep-none fusion-title-text fusion-title-size-two\" style=\"--awb-text-color:var(--awb-color5);--awb-margin-top:0px;--awb-margin-bottom:16px;--awb-margin-top-small:10px;--awb-margin-right-small:0px;--awb-margin-bottom-small:10px;--awb-margin-left-small:0px;--awb-font-size:25px;\"><h2 class=\"fusion-title-heading title-heading-left\" style=\"font-family:&quot;vinci_sans_regular&quot;;font-style:normal;font-weight:400;margin:0;font-size:1em;line-height:1.1;\"><strong>Vilken \u00e4r din roll p\u00e5 NUVIA och hur l\u00e4nge har du arbetat d\u00e4r?<\/strong><\/h2><\/div><div class=\"fusion-text fusion-text-3 sm-text-align-justify fusion-text-no-margin\" style=\"--awb-content-alignment:left;--awb-font-size:var(--awb-typography4-font-size);--awb-line-height:var(--awb-typography4-line-height);--awb-letter-spacing:var(--awb-typography4-letter-spacing);--awb-text-transform:var(--awb-typography4-text-transform);--awb-text-color:var(--awb-custom_color_6);--awb-margin-top:0px;--awb-margin-right:0px;--awb-margin-bottom:10px;--awb-margin-left:0px;--awb-text-font-family:var(--awb-typography4-font-family);--awb-text-font-weight:var(--awb-typography4-font-weight);--awb-text-font-style:var(--awb-typography4-font-style);\"><p>Jag \u00e4r f\u00f6r n\u00e4rvarande projektledare inom projektledningsavdelningen p\u00e5 NUVIA Structure (NUVIA France). Denna enhet \u00e4r dedikerad till att hantera st\u00f6rre underh\u00e5llsprojekt p\u00e5 k\u00e4rntekniska anl\u00e4ggningar, vare sig det g\u00e4ller kortsiktiga insatser med stora team under en reaktoravst\u00e4llning eller l\u00e5ngsiktiga projekt som str\u00e4cker sig \u00f6ver flera platser under flera \u00e5r.<\/p>\n<p>Projektet jag arbetar med idag \u00e4r s\u00e4rskilt ambiti\u00f6st: det omfattar sex k\u00e4rnkraftverk i Frankrike och inkluderar 24 insatser under de kommande fem \u00e5ren.<\/p>\n<p>Jag b\u00f6rjade p\u00e5 NUVIA Structure f\u00f6r mer \u00e4n fem \u00e5r sedan som projektingenj\u00f6r, v\u00e4xlande mellan utf\u00f6randeuppdrag och anbudsf\u00f6rberedelser.<\/p>\n<\/div><div class=\"fusion-title title fusion-title-5 fusion-sep-none fusion-title-text fusion-title-size-two\" style=\"--awb-text-color:var(--awb-color5);--awb-margin-top:0px;--awb-margin-bottom:16px;--awb-margin-top-small:10px;--awb-margin-right-small:0px;--awb-margin-bottom-small:10px;--awb-margin-left-small:0px;--awb-font-size:25px;\"><h2 class=\"fusion-title-heading title-heading-left\" style=\"font-family:&quot;vinci_sans_regular&quot;;font-style:normal;font-weight:400;margin:0;font-size:1em;line-height:1.1;\"><strong>Hur s\u00e5g din karri\u00e4rv\u00e4g ut innan du b\u00f6rjade p\u00e5 NUVIA?<\/strong><\/h2><\/div><div class=\"fusion-text fusion-text-4 sm-text-align-justify fusion-text-no-margin\" style=\"--awb-content-alignment:left;--awb-font-size:var(--awb-typography4-font-size);--awb-line-height:var(--awb-typography4-line-height);--awb-letter-spacing:var(--awb-typography4-letter-spacing);--awb-text-transform:var(--awb-typography4-text-transform);--awb-text-color:var(--awb-custom_color_6);--awb-margin-top:0px;--awb-margin-right:0px;--awb-margin-bottom:10px;--awb-margin-left:0px;--awb-text-font-family:var(--awb-typography4-font-family);--awb-text-font-weight:var(--awb-typography4-font-weight);--awb-text-font-style:var(--awb-typography4-font-style);\"><p>Med en examen i kemiteknik specialiserade jag mig p\u00e5 utveckling och prospektering av oljef\u00e4lt. Denna kompetens gjorde det m\u00f6jligt f\u00f6r mig att starta min karri\u00e4r internationellt, d\u00e4r jag arbetade med offshore-konstruktionsprojekt f\u00f6r olje- och gasindustrin, inklusive installation av r\u00f6rledningar och undervattenskablar, i 12 \u00e5r.<\/p>\n<\/div><\/div><\/div><\/div><\/div><div class=\"fusion-fullwidth fullwidth-box fusion-builder-row-3 fusion-flex-container has-pattern-background has-mask-background nonhundred-percent-fullwidth non-hundred-percent-height-scrolling join-us-intro\" style=\"--awb-border-radius-top-left:0px;--awb-border-radius-top-right:0px;--awb-border-radius-bottom-right:0px;--awb-border-radius-bottom-left:0px;--awb-padding-top:3%;--awb-padding-bottom:2%;--awb-flex-wrap:wrap;\" ><div class=\"fusion-builder-row fusion-row fusion-flex-align-items-stretch fusion-flex-content-wrap\" style=\"max-width:1248px;margin-left: calc(-4% \/ 2 );margin-right: calc(-4% \/ 2 );\"><div class=\"fusion-layout-column fusion_builder_column fusion-builder-column-3 fusion_builder_column_1_2 1_2 fusion-flex-column height-100\" style=\"--awb-bg-size:cover;--awb-width-large:50%;--awb-margin-top-large:0px;--awb-spacing-right-large:3.84%;--awb-margin-bottom-large:0px;--awb-spacing-left-large:3.84%;--awb-width-medium:50%;--awb-order-medium:0;--awb-spacing-right-medium:3.84%;--awb-spacing-left-medium:3.84%;--awb-width-small:100%;--awb-order-small:0;--awb-spacing-right-small:1.92%;--awb-spacing-left-small:1.92%;\" data-scroll-devices=\"small-visibility,medium-visibility,large-visibility\"><div class=\"fusion-column-wrapper fusion-column-has-shadow fusion-flex-justify-content-flex-start fusion-content-layout-column\"><div class=\"fusion-image-element \" style=\"--awb-aspect-ratio:2 \/ 3;--awb-margin-bottom:0px;--awb-caption-title-font-family:var(--h2_typography-font-family);--awb-caption-title-font-weight:var(--h2_typography-font-weight);--awb-caption-title-font-style:var(--h2_typography-font-style);--awb-caption-title-size:var(--h2_typography-font-size);--awb-caption-title-transform:var(--h2_typography-text-transform);--awb-caption-title-line-height:var(--h2_typography-line-height);--awb-caption-title-letter-spacing:var(--h2_typography-letter-spacing);\"><span class=\" fusion-imageframe imageframe-none imageframe-2 hover-type-none has-aspect-ratio\"><img decoding=\"async\" width=\"1920\" height=\"1440\" alt=\"Portrait of the month ENG web nuvia 3\" title=\"Portrait of the month ENG web nuvia 3\" src=\"https:\/\/www.nuvia.com\/wp-content\/uploads\/sites\/2\/2026\/01\/Portrait-of-the-month-ENG-web-nuvia-3.jpg\" data-orig-src=\"https:\/\/www.nuvia.com\/wp-content\/uploads\/sites\/2\/2026\/01\/Portrait-of-the-month-ENG-web-nuvia-3.jpg\" class=\"lazyload img-responsive wp-image-30127 img-with-aspect-ratio\" data-parent-fit=\"cover\" data-parent-container=\".fusion-image-element\" srcset=\"data:image\/svg+xml,%3Csvg%20xmlns%3D%27http%3A%2F%2Fwww.w3.org%2F2000%2Fsvg%27%20width%3D%271920%27%20height%3D%271440%27%20viewBox%3D%270%200%201920%201440%27%3E%3Crect%20width%3D%271920%27%20height%3D%271440%27%20fill-opacity%3D%220%22%2F%3E%3C%2Fsvg%3E\" data-srcset=\"https:\/\/www.nuvia.com\/wp-content\/uploads\/sites\/2\/2026\/01\/Portrait-of-the-month-ENG-web-nuvia-3-200x150.jpg 200w, https:\/\/www.nuvia.com\/wp-content\/uploads\/sites\/2\/2026\/01\/Portrait-of-the-month-ENG-web-nuvia-3-400x300.jpg 400w, https:\/\/www.nuvia.com\/wp-content\/uploads\/sites\/2\/2026\/01\/Portrait-of-the-month-ENG-web-nuvia-3-600x450.jpg 600w, https:\/\/www.nuvia.com\/wp-content\/uploads\/sites\/2\/2026\/01\/Portrait-of-the-month-ENG-web-nuvia-3-800x600.jpg 800w, https:\/\/www.nuvia.com\/wp-content\/uploads\/sites\/2\/2026\/01\/Portrait-of-the-month-ENG-web-nuvia-3-1200x900.jpg 1200w, https:\/\/www.nuvia.com\/wp-content\/uploads\/sites\/2\/2026\/01\/Portrait-of-the-month-ENG-web-nuvia-3.jpg 1920w\" data-sizes=\"auto\" data-orig-sizes=\"(max-width: 700px) 100vw, 600px\" \/><\/span><\/div><\/div><\/div><div class=\"fusion-layout-column fusion_builder_column fusion-builder-column-4 fusion_builder_column_1_2 1_2 fusion-flex-column\" style=\"--awb-padding-top:0px;--awb-padding-right:0px;--awb-padding-bottom:0px;--awb-padding-left:0px;--awb-bg-size:cover;--awb-width-large:50%;--awb-margin-top-large:0px;--awb-spacing-right-large:3.84%;--awb-margin-bottom-large:0px;--awb-spacing-left-large:3.84%;--awb-width-medium:50%;--awb-order-medium:0;--awb-spacing-right-medium:3.84%;--awb-spacing-left-medium:3.84%;--awb-width-small:100%;--awb-order-small:0;--awb-spacing-right-small:1.92%;--awb-spacing-left-small:1.92%;\" data-scroll-devices=\"small-visibility,medium-visibility,large-visibility\"><div class=\"fusion-column-wrapper fusion-column-has-shadow fusion-flex-justify-content-flex-start fusion-content-layout-column\"><div class=\"fusion-title title fusion-title-6 fusion-sep-none fusion-title-text fusion-title-size-two\" style=\"--awb-text-color:var(--awb-color4);--awb-margin-top:0px;--awb-margin-bottom:16px;--awb-margin-top-small:10px;--awb-margin-right-small:0px;--awb-margin-bottom-small:10px;--awb-margin-left-small:0px;--awb-font-size:35px;\"><h2 class=\"fusion-title-heading title-heading-left\" style=\"font-family:&quot;vinci_sans_regular&quot;;font-style:normal;font-weight:400;margin:0;font-size:1em;line-height:1.1;\"><strong>Roll &amp; Ansvarsomr\u00e5den<\/strong><\/h2><\/div><div class=\"fusion-separator fusion-full-width-sep\" style=\"align-self: center;margin-left: auto;margin-right: auto;margin-top:30px;width:100%;\"><\/div><div class=\"fusion-title title fusion-title-7 fusion-sep-none fusion-title-text fusion-title-size-two\" style=\"--awb-text-color:var(--awb-color5);--awb-margin-top:0px;--awb-margin-bottom:16px;--awb-margin-top-small:10px;--awb-margin-right-small:0px;--awb-margin-bottom-small:10px;--awb-margin-left-small:0px;--awb-font-size:25px;\"><h2 class=\"fusion-title-heading title-heading-left\" style=\"font-family:&quot;vinci_sans_regular&quot;;font-style:normal;font-weight:400;margin:0;font-size:1em;line-height:1.1;\"><strong>Vilka \u00e4r dina huvudsakliga ansvarsomr\u00e5den dagligen?<\/strong><\/h2><\/div><div class=\"fusion-text fusion-text-5 sm-text-align-justify fusion-text-no-margin\" style=\"--awb-content-alignment:left;--awb-font-size:var(--awb-typography4-font-size);--awb-line-height:var(--awb-typography4-line-height);--awb-letter-spacing:var(--awb-typography4-letter-spacing);--awb-text-transform:var(--awb-typography4-text-transform);--awb-text-color:var(--awb-custom_color_6);--awb-margin-top:0px;--awb-margin-right:0px;--awb-margin-bottom:10px;--awb-margin-left:0px;--awb-text-font-family:var(--awb-typography4-font-family);--awb-text-font-weight:var(--awb-typography4-font-weight);--awb-text-font-style:var(--awb-typography4-font-style);\"><p>Mitt huvuduppdrag \u00e4r att samordna alla team \u2013 internt, liksom med v\u00e5ra partners och kunden. Jag s\u00e4kerst\u00e4ller att tidplaner och budgetar f\u00f6ljs samtidigt som jag garanterar att avtalskrav och kundens f\u00f6rv\u00e4ntningar uppfylls.<\/p>\n<\/div><div class=\"fusion-title title fusion-title-8 fusion-sep-none fusion-title-text fusion-title-size-two\" style=\"--awb-text-color:var(--awb-color5);--awb-margin-top:0px;--awb-margin-bottom:16px;--awb-margin-top-small:10px;--awb-margin-right-small:0px;--awb-margin-bottom-small:10px;--awb-margin-left-small:0px;--awb-font-size:25px;\"><h2 class=\"fusion-title-heading title-heading-left\" style=\"font-family:&quot;vinci_sans_regular&quot;;font-style:normal;font-weight:400;margin:0;font-size:1em;line-height:1.1;\"><strong>Vad tycker du mest om med ditt jobb?<\/strong><\/h2><\/div><div class=\"fusion-text fusion-text-6 sm-text-align-justify fusion-text-no-margin\" style=\"--awb-content-alignment:left;--awb-font-size:var(--awb-typography4-font-size);--awb-line-height:var(--awb-typography4-line-height);--awb-letter-spacing:var(--awb-typography4-letter-spacing);--awb-text-transform:var(--awb-typography4-text-transform);--awb-text-color:var(--awb-custom_color_6);--awb-margin-top:0px;--awb-margin-right:0px;--awb-margin-bottom:10px;--awb-margin-left:0px;--awb-text-font-family:var(--awb-typography4-font-family);--awb-text-font-weight:var(--awb-typography4-font-weight);--awb-text-font-style:var(--awb-typography4-font-style);\"><p>Jag \u00e4lskar att organisera, f\u00f6rutse och se till att allt fungerar under optimala f\u00f6rh\u00e5llanden. Jag uppskattar ocks\u00e5 lagarbetet och den unga, moderna inst\u00e4llningen som finns p\u00e5 NUVIA.<\/p>\n<\/div><div class=\"fusion-title title fusion-title-9 fusion-sep-none fusion-title-text fusion-title-size-two\" style=\"--awb-text-color:var(--awb-color5);--awb-margin-top:0px;--awb-margin-bottom:16px;--awb-margin-top-small:10px;--awb-margin-right-small:0px;--awb-margin-bottom-small:10px;--awb-margin-left-small:0px;--awb-font-size:25px;\"><h2 class=\"fusion-title-heading title-heading-left\" style=\"font-family:&quot;vinci_sans_regular&quot;;font-style:normal;font-weight:400;margin:0;font-size:1em;line-height:1.1;\"><strong>Vilka utmaningar m\u00f6ter du i din roll?<\/strong><\/h2><\/div><div class=\"fusion-text fusion-text-7 sm-text-align-justify fusion-text-no-margin\" style=\"--awb-content-alignment:left;--awb-font-size:var(--awb-typography4-font-size);--awb-line-height:var(--awb-typography4-line-height);--awb-letter-spacing:var(--awb-typography4-letter-spacing);--awb-text-transform:var(--awb-typography4-text-transform);--awb-text-color:var(--awb-custom_color_6);--awb-margin-top:0px;--awb-margin-right:0px;--awb-margin-bottom:10px;--awb-margin-left:0px;--awb-text-font-family:var(--awb-typography4-font-family);--awb-text-font-weight:var(--awb-typography4-font-weight);--awb-text-font-style:var(--awb-typography4-font-style);\"><p>Min roll inneb\u00e4r att balansera alla intressenters begr\u00e4nsningar: tekniska krav fr\u00e5n olika discipliner, kundens f\u00f6rv\u00e4ntningar, underleverant\u00f6rernas begr\u00e4nsningar och v\u00e5ra egna. Ut\u00f6ver detta finns det budget-, tids- och s\u00e4kerhetsutmaningar. Det handlar om att st\u00e4ndigt hitta r\u00e4tt kompromiss f\u00f6r att g\u00e5 fram\u00e5t effektivt.<\/p>\n<\/div><div class=\"fusion-title title fusion-title-10 fusion-sep-none fusion-title-text fusion-title-size-two\" style=\"--awb-text-color:var(--awb-color5);--awb-margin-top:0px;--awb-margin-bottom:16px;--awb-margin-top-small:10px;--awb-margin-right-small:0px;--awb-margin-bottom-small:10px;--awb-margin-left-small:0px;--awb-font-size:25px;\"><h2 class=\"fusion-title-heading title-heading-left\" style=\"font-family:&quot;vinci_sans_regular&quot;;font-style:normal;font-weight:400;margin:0;font-size:1em;line-height:1.1;\"><strong>Vad motiverade dig att v\u00e4lja en karri\u00e4r inom k\u00e4rnkraftssektorn?<\/strong><\/h2><\/div><div class=\"fusion-text fusion-text-8 sm-text-align-justify fusion-text-no-margin\" style=\"--awb-content-alignment:left;--awb-font-size:var(--awb-typography4-font-size);--awb-line-height:var(--awb-typography4-line-height);--awb-letter-spacing:var(--awb-typography4-letter-spacing);--awb-text-transform:var(--awb-typography4-text-transform);--awb-text-color:var(--awb-custom_color_6);--awb-margin-top:0px;--awb-margin-right:0px;--awb-margin-bottom:10px;--awb-margin-left:0px;--awb-text-font-family:var(--awb-typography4-font-family);--awb-text-font-weight:var(--awb-typography4-font-weight);--awb-text-font-style:var(--awb-typography4-font-style);\"><p>Jag valde k\u00e4rnkraftssektorn eftersom den har h\u00f6ga krav p\u00e5 kvalitet och s\u00e4kerhet, mycket liknande dem inom olje- och gasindustrin. Denna likhet gjorde det m\u00f6jligt f\u00f6r mig att dra nytta av min erfarenhet och s\u00e4kerst\u00e4lla en smidig \u00f6verg\u00e5ng mellan dessa tv\u00e5 milj\u00f6er.<\/p>\n<\/div><\/div><\/div><\/div><\/div><div class=\"fusion-fullwidth fullwidth-box fusion-builder-row-4 fusion-flex-container has-pattern-background has-mask-background nonhundred-percent-fullwidth non-hundred-percent-height-scrolling join-us-intro\" style=\"--awb-border-radius-top-left:0px;--awb-border-radius-top-right:0px;--awb-border-radius-bottom-right:0px;--awb-border-radius-bottom-left:0px;--awb-padding-top:3%;--awb-padding-bottom:2%;--awb-flex-wrap:wrap;\" ><div class=\"fusion-builder-row fusion-row fusion-flex-align-items-stretch fusion-flex-content-wrap\" style=\"max-width:1248px;margin-left: calc(-4% \/ 2 );margin-right: calc(-4% \/ 2 );\"><div class=\"fusion-layout-column fusion_builder_column fusion-builder-column-5 fusion_builder_column_1_2 1_2 fusion-flex-column\" style=\"--awb-padding-top:0px;--awb-padding-right:0px;--awb-padding-bottom:0px;--awb-padding-left:0px;--awb-bg-size:cover;--awb-width-large:50%;--awb-margin-top-large:0px;--awb-spacing-right-large:3.84%;--awb-margin-bottom-large:0px;--awb-spacing-left-large:3.84%;--awb-width-medium:50%;--awb-order-medium:0;--awb-spacing-right-medium:3.84%;--awb-spacing-left-medium:3.84%;--awb-width-small:100%;--awb-order-small:0;--awb-spacing-right-small:1.92%;--awb-spacing-left-small:1.92%;\" data-scroll-devices=\"small-visibility,medium-visibility,large-visibility\"><div class=\"fusion-column-wrapper fusion-column-has-shadow fusion-flex-justify-content-flex-start fusion-content-layout-column\"><div class=\"fusion-title title fusion-title-11 fusion-sep-none fusion-title-text fusion-title-size-two\" style=\"--awb-text-color:var(--awb-color4);--awb-margin-top:0px;--awb-margin-bottom:16px;--awb-margin-top-small:10px;--awb-margin-right-small:0px;--awb-margin-bottom-small:10px;--awb-margin-left-small:0px;--awb-font-size:35px;\"><h2 class=\"fusion-title-heading title-heading-left\" style=\"font-family:&quot;vinci_sans_regular&quot;;font-style:normal;font-weight:400;margin:0;font-size:1em;line-height:1.1;\"><strong>Livet p\u00e5 NUVIA<\/strong><\/h2><\/div><div class=\"fusion-separator fusion-full-width-sep\" style=\"align-self: center;margin-left: auto;margin-right: auto;margin-top:30px;width:100%;\"><\/div><div class=\"fusion-title title fusion-title-12 fusion-sep-none fusion-title-text fusion-title-size-two\" style=\"--awb-text-color:var(--awb-color5);--awb-margin-top:0px;--awb-margin-bottom:16px;--awb-margin-top-small:10px;--awb-margin-right-small:0px;--awb-margin-bottom-small:10px;--awb-margin-left-small:0px;--awb-font-size:25px;\"><h2 class=\"fusion-title-heading title-heading-left\" style=\"font-family:&quot;vinci_sans_regular&quot;;font-style:normal;font-weight:400;margin:0;font-size:1em;line-height:1.1;\"><strong>Har du ett minnesv\u00e4rt \u00f6gonblick eller en anekdot fr\u00e5n din tid p\u00e5 NUVIA?<\/strong><\/h2><\/div><div class=\"fusion-text fusion-text-9 sm-text-align-justify fusion-text-no-margin\" style=\"--awb-content-alignment:left;--awb-font-size:var(--awb-typography4-font-size);--awb-line-height:var(--awb-typography4-line-height);--awb-letter-spacing:var(--awb-typography4-letter-spacing);--awb-text-transform:var(--awb-typography4-text-transform);--awb-text-color:var(--awb-custom_color_6);--awb-margin-top:0px;--awb-margin-right:0px;--awb-margin-bottom:10px;--awb-margin-left:0px;--awb-text-font-family:var(--awb-typography4-font-family);--awb-text-font-weight:var(--awb-typography4-font-weight);--awb-text-font-style:var(--awb-typography4-font-style);\"><p>Jag har ett starkt minne av mitt f\u00f6rsta projekt som projektledare p\u00e5 NUVIA. Det var en verklig utmaning: h\u00f6ga f\u00f6rv\u00e4ntningar, olika kulturer att harmonisera, en kr\u00e4vande kund och ett st\u00e4ndigt f\u00f6r\u00e4ndrat team. Dessa utmaningar pressade mig bortom mina gr\u00e4nser. Tack vare engagemang, uth\u00e5llighet och lagarbete n\u00e5dde vi v\u00e5ra m\u00e5l. Denna erfarenhet l\u00e4rde mig mycket och gav mig lust att anta nya utmaningar samtidigt som jag implementerade viktiga verktyg och processer f\u00f6r att s\u00e4kerst\u00e4lla framg\u00e5ngen f\u00f6r framtida projekt.<\/p>\n<\/div><\/div><\/div><div class=\"fusion-layout-column fusion_builder_column fusion-builder-column-6 fusion_builder_column_1_2 1_2 fusion-flex-column height-100\" style=\"--awb-bg-size:cover;--awb-width-large:50%;--awb-margin-top-large:0px;--awb-spacing-right-large:3.84%;--awb-margin-bottom-large:0px;--awb-spacing-left-large:3.84%;--awb-width-medium:50%;--awb-order-medium:0;--awb-spacing-right-medium:3.84%;--awb-spacing-left-medium:3.84%;--awb-width-small:100%;--awb-order-small:0;--awb-spacing-right-small:1.92%;--awb-spacing-left-small:1.92%;\" data-scroll-devices=\"small-visibility,medium-visibility,large-visibility\"><div class=\"fusion-column-wrapper fusion-column-has-shadow fusion-flex-justify-content-flex-start fusion-content-layout-column\"><div class=\"fusion-image-element \" style=\"--awb-margin-bottom:0px;--awb-caption-title-font-family:var(--h2_typography-font-family);--awb-caption-title-font-weight:var(--h2_typography-font-weight);--awb-caption-title-font-style:var(--h2_typography-font-style);--awb-caption-title-size:var(--h2_typography-font-size);--awb-caption-title-transform:var(--h2_typography-text-transform);--awb-caption-title-line-height:var(--h2_typography-line-height);--awb-caption-title-letter-spacing:var(--h2_typography-letter-spacing);\"><span class=\" fusion-imageframe imageframe-none imageframe-3 hover-type-none\"><img decoding=\"async\" width=\"2560\" height=\"1920\" alt=\"Portrait of the month ENG web nuvia 2\" title=\"Portrait of the month ENG web nuvia 2\" src=\"https:\/\/www.nuvia.com\/wp-content\/uploads\/sites\/2\/2026\/01\/Portrait-of-the-month-ENG-web-nuvia-2-scaled.jpg\" data-orig-src=\"https:\/\/www.nuvia.com\/wp-content\/uploads\/sites\/2\/2026\/01\/Portrait-of-the-month-ENG-web-nuvia-2-scaled.jpg\" class=\"lazyload img-responsive wp-image-30126\" srcset=\"data:image\/svg+xml,%3Csvg%20xmlns%3D%27http%3A%2F%2Fwww.w3.org%2F2000%2Fsvg%27%20width%3D%272560%27%20height%3D%271920%27%20viewBox%3D%270%200%202560%201920%27%3E%3Crect%20width%3D%272560%27%20height%3D%271920%27%20fill-opacity%3D%220%22%2F%3E%3C%2Fsvg%3E\" data-srcset=\"https:\/\/www.nuvia.com\/wp-content\/uploads\/sites\/2\/2026\/01\/Portrait-of-the-month-ENG-web-nuvia-2-200x150.jpg 200w, https:\/\/www.nuvia.com\/wp-content\/uploads\/sites\/2\/2026\/01\/Portrait-of-the-month-ENG-web-nuvia-2-400x300.jpg 400w, https:\/\/www.nuvia.com\/wp-content\/uploads\/sites\/2\/2026\/01\/Portrait-of-the-month-ENG-web-nuvia-2-600x450.jpg 600w, https:\/\/www.nuvia.com\/wp-content\/uploads\/sites\/2\/2026\/01\/Portrait-of-the-month-ENG-web-nuvia-2-800x600.jpg 800w, https:\/\/www.nuvia.com\/wp-content\/uploads\/sites\/2\/2026\/01\/Portrait-of-the-month-ENG-web-nuvia-2-1200x900.jpg 1200w, https:\/\/www.nuvia.com\/wp-content\/uploads\/sites\/2\/2026\/01\/Portrait-of-the-month-ENG-web-nuvia-2-scaled.jpg 2560w\" data-sizes=\"auto\" data-orig-sizes=\"(max-width: 700px) 100vw, 600px\" \/><\/span><\/div><\/div><\/div><\/div><\/div><div class=\"fusion-fullwidth fullwidth-box fusion-builder-row-5 fusion-flex-container has-pattern-background has-mask-background nonhundred-percent-fullwidth non-hundred-percent-height-scrolling join-us-intro\" style=\"--awb-border-radius-top-left:0px;--awb-border-radius-top-right:0px;--awb-border-radius-bottom-right:0px;--awb-border-radius-bottom-left:0px;--awb-padding-top:3%;--awb-padding-bottom:2%;--awb-flex-wrap:wrap;\" ><div class=\"fusion-builder-row fusion-row fusion-flex-align-items-stretch fusion-flex-content-wrap\" style=\"max-width:1248px;margin-left: calc(-4% \/ 2 );margin-right: calc(-4% \/ 2 );\"><div class=\"fusion-layout-column fusion_builder_column fusion-builder-column-7 fusion_builder_column_1_1 1_1 fusion-flex-column\" style=\"--awb-padding-top:0px;--awb-padding-right:0px;--awb-padding-bottom:0px;--awb-padding-left:0px;--awb-bg-size:cover;--awb-width-large:100%;--awb-margin-top-large:0px;--awb-spacing-right-large:1.92%;--awb-margin-bottom-large:0px;--awb-spacing-left-large:1.92%;--awb-width-medium:100%;--awb-order-medium:0;--awb-spacing-right-medium:1.92%;--awb-spacing-left-medium:1.92%;--awb-width-small:100%;--awb-order-small:0;--awb-spacing-right-small:1.92%;--awb-spacing-left-small:1.92%;\" data-scroll-devices=\"small-visibility,medium-visibility,large-visibility\"><div class=\"fusion-column-wrapper fusion-column-has-shadow fusion-flex-justify-content-flex-start fusion-content-layout-column\"><div class=\"fusion-title title fusion-title-13 fusion-sep-none fusion-title-text fusion-title-size-two\" style=\"--awb-text-color:var(--awb-color4);--awb-margin-top:0px;--awb-margin-bottom:16px;--awb-margin-top-small:10px;--awb-margin-right-small:0px;--awb-margin-bottom-small:10px;--awb-margin-left-small:0px;--awb-font-size:35px;\"><h2 class=\"fusion-title-heading title-heading-left\" style=\"font-family:&quot;vinci_sans_regular&quot;;font-style:normal;font-weight:400;margin:0;font-size:1em;line-height:1.1;\"><strong>Personlig dimension &amp; Inspiration<\/strong><\/h2><\/div><div class=\"fusion-separator fusion-full-width-sep\" style=\"align-self: center;margin-left: auto;margin-right: auto;margin-top:30px;width:100%;\"><\/div><div class=\"fusion-title title fusion-title-14 fusion-sep-none fusion-title-text fusion-title-size-two\" style=\"--awb-text-color:var(--awb-color5);--awb-margin-top:0px;--awb-margin-bottom:16px;--awb-margin-top-small:10px;--awb-margin-right-small:0px;--awb-margin-bottom-small:10px;--awb-margin-left-small:0px;--awb-font-size:25px;\"><h2 class=\"fusion-title-heading title-heading-left\" style=\"font-family:&quot;vinci_sans_regular&quot;;font-style:normal;font-weight:400;margin:0;font-size:1em;line-height:1.1;\"><strong>Om du skulle beskriva NUVIA med tre ord, vilka skulle du v\u00e4lja?<\/strong><\/h2><\/div><div class=\"fusion-text fusion-text-10 sm-text-align-justify fusion-text-no-margin\" style=\"--awb-content-alignment:left;--awb-font-size:var(--awb-typography4-font-size);--awb-line-height:var(--awb-typography4-line-height);--awb-letter-spacing:var(--awb-typography4-letter-spacing);--awb-text-transform:var(--awb-typography4-text-transform);--awb-text-color:var(--awb-custom_color_6);--awb-margin-top:0px;--awb-margin-right:0px;--awb-margin-bottom:10px;--awb-margin-left:0px;--awb-text-font-family:var(--awb-typography4-font-family);--awb-text-font-weight:var(--awb-typography4-font-weight);--awb-text-font-style:var(--awb-typography4-font-style);\"><p>Dynamik, excellens, transparens<\/p>\n<\/div><div class=\"fusion-title title fusion-title-15 fusion-sep-none fusion-title-text fusion-title-size-two\" style=\"--awb-text-color:var(--awb-color5);--awb-margin-top:0px;--awb-margin-bottom:16px;--awb-margin-top-small:10px;--awb-margin-right-small:0px;--awb-margin-bottom-small:10px;--awb-margin-left-small:0px;--awb-font-size:25px;\"><h2 class=\"fusion-title-heading title-heading-left\" style=\"font-family:&quot;vinci_sans_regular&quot;;font-style:normal;font-weight:400;margin:0;font-size:1em;line-height:1.1;\"><strong>Ett sista budskap till dem som \u00f6verv\u00e4ger att g\u00e5 med i NUVIA?<\/strong><\/h2><\/div><div class=\"fusion-text fusion-text-11 sm-text-align-justify fusion-text-no-margin\" style=\"--awb-content-alignment:left;--awb-font-size:var(--awb-typography4-font-size);--awb-line-height:var(--awb-typography4-line-height);--awb-letter-spacing:var(--awb-typography4-letter-spacing);--awb-text-transform:var(--awb-typography4-text-transform);--awb-text-color:var(--awb-custom_color_6);--awb-margin-top:0px;--awb-margin-right:0px;--awb-margin-bottom:10px;--awb-margin-left:0px;--awb-text-font-family:var(--awb-typography4-font-family);--awb-text-font-weight:var(--awb-typography4-font-weight);--awb-text-font-style:var(--awb-typography4-font-style);\"><p>Ta vara p\u00e5 de m\u00f6jligheter som kommer i din v\u00e4g!<\/p>\n<\/div><div class=\"fusion-title title fusion-title-16 fusion-sep-none fusion-title-text fusion-title-size-two\" style=\"--awb-text-color:var(--awb-color5);--awb-margin-top:0px;--awb-margin-bottom:16px;--awb-margin-top-small:10px;--awb-margin-right-small:0px;--awb-margin-bottom-small:10px;--awb-margin-left-small:0px;--awb-font-size:25px;\"><h2 class=\"fusion-title-heading title-heading-left\" style=\"font-family:&quot;vinci_sans_regular&quot;;font-style:normal;font-weight:400;margin:0;font-size:1em;line-height:1.1;\"><strong>Ett citat eller mantra som inspirerar dig?<\/strong><\/h2><\/div><div class=\"fusion-text fusion-text-12 sm-text-align-justify fusion-text-no-margin\" style=\"--awb-content-alignment:left;--awb-font-size:var(--awb-typography4-font-size);--awb-line-height:var(--awb-typography4-line-height);--awb-letter-spacing:var(--awb-typography4-letter-spacing);--awb-text-transform:var(--awb-typography4-text-transform);--awb-text-color:var(--awb-custom_color_6);--awb-margin-top:0px;--awb-margin-right:0px;--awb-margin-bottom:10px;--awb-margin-left:0px;--awb-text-font-family:var(--awb-typography4-font-family);--awb-text-font-weight:var(--awb-typography4-font-weight);--awb-text-font-style:var(--awb-typography4-font-style);\"><p>Andras \u00e5sikter \u00e4r deras liv, inte ditt.<\/p>\n<\/div><\/div><\/div><\/div><\/div><\/p>\n","protected":false},"excerpt":{"rendered":"","protected":false},"author":1,"featured_media":30102,"comment_status":"open","ping_status":"open","sticky":false,"template":"","format":"standard","meta":{"_acf_changed":false,"footnotes":""},"categories":[460,483,478],"tags":[],"class_list":["post-30128","post","type-post","status-publish","format-standard","has-post-thumbnail","hentry","category-frankrike","category-hr-sv","category-nyheter"],"acf":[],"yoast_head":"<!-- This site is optimized with the Yoast SEO Premium plugin v26.4 (Yoast SEO v27.2) - https:\/\/yoast.com\/product\/yoast-seo-premium-wordpress\/ -->\n<title>Lansering av serien \u201dM\u00e5nadens portr\u00e4tt\u201d<\/title>\n<meta name=\"description\" content=\"Uppt\u00e4ck NUVIA:s serie \u201dM\u00e5nadens portr\u00e4tt\u201d och m\u00f6t Ana\u00efs Prolongeau, projektledare som g\u00e5tt fr\u00e5n offshore till k\u00e4rnkraft.\" \/>\n<meta name=\"robots\" content=\"index, follow, max-snippet:-1, max-image-preview:large, max-video-preview:-1\" \/>\n<link rel=\"canonical\" href=\"https:\/\/www.nuvia.com\/sv\/lansering-av-serien-manadens-portratt\/\" \/>\n<meta property=\"og:locale\" content=\"sv_SE\" \/>\n<meta property=\"og:type\" content=\"article\" \/>\n<meta property=\"og:title\" content=\"Lansering av serien \u201dM\u00e5nadens portr\u00e4tt\u201d\" \/>\n<meta property=\"og:description\" content=\"Uppt\u00e4ck NUVIA:s serie \u201dM\u00e5nadens portr\u00e4tt\u201d och m\u00f6t Ana\u00efs Prolongeau, projektledare som g\u00e5tt fr\u00e5n offshore till k\u00e4rnkraft.\" \/>\n<meta property=\"og:url\" content=\"https:\/\/www.nuvia.com\/sv\/lansering-av-serien-manadens-portratt\/\" \/>\n<meta property=\"og:site_name\" content=\"Nuvia\" \/>\n<meta property=\"article:published_time\" content=\"2026-01-21T13:52:38+00:00\" \/>\n<meta property=\"article:modified_time\" content=\"2026-01-22T09:14:12+00:00\" \/>\n<meta property=\"og:image\" content=\"https:\/\/www.nuvia.com\/wp-content\/uploads\/sites\/2\/2026\/01\/Portrait-of-the-month-ENG-web-nuvia.jpg\" \/>\n\t<meta property=\"og:image:width\" content=\"800\" \/>\n\t<meta property=\"og:image:height\" content=\"533\" \/>\n\t<meta property=\"og:image:type\" content=\"image\/jpeg\" \/>\n<meta name=\"author\" content=\"Admin\" \/>\n<meta name=\"twitter:card\" content=\"summary_large_image\" \/>\n<meta name=\"twitter:label1\" content=\"Skriven av\" \/>\n\t<meta name=\"twitter:data1\" content=\"Admin\" \/>\n\t<meta name=\"twitter:label2\" content=\"Ber\u00e4knad l\u00e4stid\" \/>\n\t<meta name=\"twitter:data2\" content=\"4 minuter\" \/>\n<script type=\"application\/ld+json\" class=\"yoast-schema-graph\">{\"@context\":\"https:\/\/schema.org\",\"@graph\":[{\"@type\":\"Article\",\"@id\":\"https:\/\/www.nuvia.com\/sv\/lansering-av-serien-manadens-portratt\/#article\",\"isPartOf\":{\"@id\":\"https:\/\/www.nuvia.com\/sv\/lansering-av-serien-manadens-portratt\/\"},\"author\":{\"name\":\"Admin\",\"@id\":\"https:\/\/www.nuvia.com\/sv\/#\/schema\/person\/4d55ea929cef0854d4a96f4b5b37c065\"},\"headline\":\"Lansering av serien \u201dM\u00e5nadens portr\u00e4tt\u201d\",\"datePublished\":\"2026-01-21T13:52:38+00:00\",\"dateModified\":\"2026-01-22T09:14:12+00:00\",\"mainEntityOfPage\":{\"@id\":\"https:\/\/www.nuvia.com\/sv\/lansering-av-serien-manadens-portratt\/\"},\"wordCount\":8716,\"commentCount\":0,\"publisher\":{\"@id\":\"https:\/\/www.nuvia.com\/sv\/#organization\"},\"image\":{\"@id\":\"https:\/\/www.nuvia.com\/sv\/lansering-av-serien-manadens-portratt\/#primaryimage\"},\"thumbnailUrl\":\"https:\/\/www.nuvia.com\/wp-content\/uploads\/sites\/2\/2026\/01\/Portrait-of-the-month-ENG-web-nuvia.jpg\",\"articleSection\":[\"Frankrike\",\"HR\",\"Nyheter\"],\"inLanguage\":\"sv-SE\",\"potentialAction\":[{\"@type\":\"CommentAction\",\"name\":\"Comment\",\"target\":[\"https:\/\/www.nuvia.com\/sv\/lansering-av-serien-manadens-portratt\/#respond\"]}],\"copyrightYear\":\"2026\",\"copyrightHolder\":{\"@id\":\"https:\/\/www.nuvia.com\/#organization\"}},{\"@type\":\"WebPage\",\"@id\":\"https:\/\/www.nuvia.com\/sv\/lansering-av-serien-manadens-portratt\/\",\"url\":\"https:\/\/www.nuvia.com\/sv\/lansering-av-serien-manadens-portratt\/\",\"name\":\"Lansering av serien \u201dM\u00e5nadens portr\u00e4tt\u201d\",\"isPartOf\":{\"@id\":\"https:\/\/www.nuvia.com\/sv\/#website\"},\"primaryImageOfPage\":{\"@id\":\"https:\/\/www.nuvia.com\/sv\/lansering-av-serien-manadens-portratt\/#primaryimage\"},\"image\":{\"@id\":\"https:\/\/www.nuvia.com\/sv\/lansering-av-serien-manadens-portratt\/#primaryimage\"},\"thumbnailUrl\":\"https:\/\/www.nuvia.com\/wp-content\/uploads\/sites\/2\/2026\/01\/Portrait-of-the-month-ENG-web-nuvia.jpg\",\"datePublished\":\"2026-01-21T13:52:38+00:00\",\"dateModified\":\"2026-01-22T09:14:12+00:00\",\"description\":\"Uppt\u00e4ck NUVIA:s serie \u201dM\u00e5nadens portr\u00e4tt\u201d och m\u00f6t Ana\u00efs Prolongeau, projektledare som g\u00e5tt fr\u00e5n offshore till k\u00e4rnkraft.\",\"breadcrumb\":{\"@id\":\"https:\/\/www.nuvia.com\/sv\/lansering-av-serien-manadens-portratt\/#breadcrumb\"},\"inLanguage\":\"sv-SE\",\"potentialAction\":[{\"@type\":\"ReadAction\",\"target\":[\"https:\/\/www.nuvia.com\/sv\/lansering-av-serien-manadens-portratt\/\"]}]},{\"@type\":\"ImageObject\",\"inLanguage\":\"sv-SE\",\"@id\":\"https:\/\/www.nuvia.com\/sv\/lansering-av-serien-manadens-portratt\/#primaryimage\",\"url\":\"https:\/\/www.nuvia.com\/wp-content\/uploads\/sites\/2\/2026\/01\/Portrait-of-the-month-ENG-web-nuvia.jpg\",\"contentUrl\":\"https:\/\/www.nuvia.com\/wp-content\/uploads\/sites\/2\/2026\/01\/Portrait-of-the-month-ENG-web-nuvia.jpg\",\"width\":800,\"height\":533,\"caption\":\"Portrait of the month ENG web nuvia\"},{\"@type\":\"BreadcrumbList\",\"@id\":\"https:\/\/www.nuvia.com\/sv\/lansering-av-serien-manadens-portratt\/#breadcrumb\",\"itemListElement\":[{\"@type\":\"ListItem\",\"position\":1,\"name\":\"Hem\",\"item\":\"https:\/\/www.nuvia.com\/sv\/\"},{\"@type\":\"ListItem\",\"position\":2,\"name\":\"Lansering av serien \u201dM\u00e5nadens portr\u00e4tt\u201d\"}]},{\"@type\":\"WebSite\",\"@id\":\"https:\/\/www.nuvia.com\/sv\/#website\",\"url\":\"https:\/\/www.nuvia.com\/sv\/\",\"name\":\"Nuvia\",\"description\":\"Supporting your energy\",\"publisher\":{\"@id\":\"https:\/\/www.nuvia.com\/sv\/#organization\"},\"alternateName\":\"Nuvia\",\"potentialAction\":[{\"@type\":\"SearchAction\",\"target\":{\"@type\":\"EntryPoint\",\"urlTemplate\":\"https:\/\/www.nuvia.com\/sv\/?s={search_term_string}\"},\"query-input\":{\"@type\":\"PropertyValueSpecification\",\"valueRequired\":true,\"valueName\":\"search_term_string\"}}],\"inLanguage\":\"sv-SE\"},{\"@type\":[\"Organization\",\"Place\"],\"@id\":\"https:\/\/www.nuvia.com\/sv\/#organization\",\"name\":\"NUVIA\",\"alternateName\":\"NUVIA\",\"url\":\"https:\/\/www.nuvia.com\/sv\/\",\"logo\":{\"@id\":\"https:\/\/www.nuvia.com\/sv\/lansering-av-serien-manadens-portratt\/#local-main-organization-logo\"},\"image\":{\"@id\":\"https:\/\/www.nuvia.com\/sv\/lansering-av-serien-manadens-portratt\/#local-main-organization-logo\"},\"sameAs\":[\"https:\/\/www.linkedin.com\/company\/nuviagroup\/\",\"https:\/\/www.youtube.com\/@nuviagroup\"],\"description\":\"NUVIA is an international company providing innovative solutions in EPC, engineering, services and products for highly regulated and sensitive industrial sites with over 60 years of experience in the nuclear industry.\",\"legalName\":\"Nuvia\",\"foundingDate\":\"2008-01-19\",\"numberOfEmployees\":{\"@type\":\"QuantitativeValue\",\"minValue\":\"1001\",\"maxValue\":\"5000\"},\"publishingPrinciples\":\"https:\/\/www.nuvia.com\/about-nuvia\/\",\"ownershipFundingInfo\":\"https:\/\/www.nuvia.com\/about-nuvia\/\",\"actionableFeedbackPolicy\":\"https:\/\/www.nuvia.com\/legal-mentions\/\",\"correctionsPolicy\":\"https:\/\/www.nuvia.com\/legal-mentions\/\",\"ethicsPolicy\":\"https:\/\/www.nuvia.com\/about-nuvia\/our-commitments\/\",\"diversityPolicy\":\"https:\/\/www.nuvia.com\/join-us\/working-at-nuvia-worldwide\/\",\"diversityStaffingReport\":\"https:\/\/www.nuvia.com\/join-us\/working-at-nuvia-worldwide\/\",\"address\":{\"@id\":\"https:\/\/www.nuvia.com\/sv\/lansering-av-serien-manadens-portratt\/#local-main-place-address\"},\"geo\":{\"@type\":\"GeoCoordinates\",\"latitude\":\"48.873600006103516\",\"longitude\":\"2.1653122901916504\"},\"telephone\":[\"0147767585\"],\"contactPoint\":{\"@type\":\"ContactPoint\",\"telephone\":\"0147767585\",\"email\":\"contact@nuvia.com\"},\"openingHoursSpecification\":[{\"@type\":\"OpeningHoursSpecification\",\"dayOfWeek\":[\"Monday\",\"Tuesday\",\"Wednesday\",\"Thursday\",\"Friday\",\"Saturday\",\"Sunday\"],\"opens\":\"09:00\",\"closes\":\"17:00\"}],\"email\":\"contact@nuvia.com\",\"vatID\":\"FR94348473950\"},{\"@type\":\"Person\",\"@id\":\"https:\/\/www.nuvia.com\/sv\/#\/schema\/person\/4d55ea929cef0854d4a96f4b5b37c065\",\"name\":\"Admin\",\"image\":{\"@type\":\"ImageObject\",\"inLanguage\":\"sv-SE\",\"@id\":\"https:\/\/secure.gravatar.com\/avatar\/0e5a36eb2a1498fe2076d9acc6a590ef645f069f4db5601f133eba7e4c564739?s=96&d=mm&r=g\",\"url\":\"https:\/\/secure.gravatar.com\/avatar\/0e5a36eb2a1498fe2076d9acc6a590ef645f069f4db5601f133eba7e4c564739?s=96&d=mm&r=g\",\"contentUrl\":\"https:\/\/secure.gravatar.com\/avatar\/0e5a36eb2a1498fe2076d9acc6a590ef645f069f4db5601f133eba7e4c564739?s=96&d=mm&r=g\",\"caption\":\"Admin\"},\"sameAs\":[\"https:\/\/dev.nuvia.com\"]},{\"@type\":\"PostalAddress\",\"@id\":\"https:\/\/www.nuvia.com\/sv\/lansering-av-serien-manadens-portratt\/#local-main-place-address\",\"streetAddress\":\"280 AVENUE NAPOLEON BONAPARTE\",\"addressLocality\":\"RUEIL MALMAISON\",\"postalCode\":\"92500\",\"addressCountry\":\"FR\"},{\"@type\":\"ImageObject\",\"inLanguage\":\"sv-SE\",\"@id\":\"https:\/\/www.nuvia.com\/sv\/lansering-av-serien-manadens-portratt\/#local-main-organization-logo\",\"url\":\"https:\/\/www.nuvia.com\/wp-content\/uploads\/sites\/2\/2025\/12\/N-logH-CQ.jpg\",\"contentUrl\":\"https:\/\/www.nuvia.com\/wp-content\/uploads\/sites\/2\/2025\/12\/N-logH-CQ.jpg\",\"width\":838,\"height\":297,\"caption\":\"NUVIA\"}]}<\/script>\n<meta name=\"geo.placename\" content=\"RUEIL MALMAISON\" \/>\n<meta name=\"geo.position\" content=\"48.873600006103516;2.1653122901916504\" \/>\n<meta name=\"geo.region\" content=\"Frankrike\" \/>\n<!-- \/ Yoast SEO Premium plugin. -->","yoast_head_json":{"title":"Lansering av serien \u201dM\u00e5nadens portr\u00e4tt\u201d","description":"Uppt\u00e4ck NUVIA:s serie \u201dM\u00e5nadens portr\u00e4tt\u201d och m\u00f6t Ana\u00efs Prolongeau, projektledare som g\u00e5tt fr\u00e5n offshore till k\u00e4rnkraft.","robots":{"index":"index","follow":"follow","max-snippet":"max-snippet:-1","max-image-preview":"max-image-preview:large","max-video-preview":"max-video-preview:-1"},"canonical":"https:\/\/www.nuvia.com\/sv\/lansering-av-serien-manadens-portratt\/","og_locale":"sv_SE","og_type":"article","og_title":"Lansering av serien \u201dM\u00e5nadens portr\u00e4tt\u201d","og_description":"Uppt\u00e4ck NUVIA:s serie \u201dM\u00e5nadens portr\u00e4tt\u201d och m\u00f6t Ana\u00efs Prolongeau, projektledare som g\u00e5tt fr\u00e5n offshore till k\u00e4rnkraft.","og_url":"https:\/\/www.nuvia.com\/sv\/lansering-av-serien-manadens-portratt\/","og_site_name":"Nuvia","article_published_time":"2026-01-21T13:52:38+00:00","article_modified_time":"2026-01-22T09:14:12+00:00","og_image":[{"width":800,"height":533,"url":"https:\/\/www.nuvia.com\/wp-content\/uploads\/sites\/2\/2026\/01\/Portrait-of-the-month-ENG-web-nuvia.jpg","type":"image\/jpeg"}],"author":"Admin","twitter_card":"summary_large_image","twitter_misc":{"Skriven av":"Admin","Ber\u00e4knad l\u00e4stid":"4 minuter"},"schema":{"@context":"https:\/\/schema.org","@graph":[{"@type":"Article","@id":"https:\/\/www.nuvia.com\/sv\/lansering-av-serien-manadens-portratt\/#article","isPartOf":{"@id":"https:\/\/www.nuvia.com\/sv\/lansering-av-serien-manadens-portratt\/"},"author":{"name":"Admin","@id":"https:\/\/www.nuvia.com\/sv\/#\/schema\/person\/4d55ea929cef0854d4a96f4b5b37c065"},"headline":"Lansering av serien \u201dM\u00e5nadens portr\u00e4tt\u201d","datePublished":"2026-01-21T13:52:38+00:00","dateModified":"2026-01-22T09:14:12+00:00","mainEntityOfPage":{"@id":"https:\/\/www.nuvia.com\/sv\/lansering-av-serien-manadens-portratt\/"},"wordCount":8716,"commentCount":0,"publisher":{"@id":"https:\/\/www.nuvia.com\/sv\/#organization"},"image":{"@id":"https:\/\/www.nuvia.com\/sv\/lansering-av-serien-manadens-portratt\/#primaryimage"},"thumbnailUrl":"https:\/\/www.nuvia.com\/wp-content\/uploads\/sites\/2\/2026\/01\/Portrait-of-the-month-ENG-web-nuvia.jpg","articleSection":["Frankrike","HR","Nyheter"],"inLanguage":"sv-SE","potentialAction":[{"@type":"CommentAction","name":"Comment","target":["https:\/\/www.nuvia.com\/sv\/lansering-av-serien-manadens-portratt\/#respond"]}],"copyrightYear":"2026","copyrightHolder":{"@id":"https:\/\/www.nuvia.com\/#organization"}},{"@type":"WebPage","@id":"https:\/\/www.nuvia.com\/sv\/lansering-av-serien-manadens-portratt\/","url":"https:\/\/www.nuvia.com\/sv\/lansering-av-serien-manadens-portratt\/","name":"Lansering av serien \u201dM\u00e5nadens portr\u00e4tt\u201d","isPartOf":{"@id":"https:\/\/www.nuvia.com\/sv\/#website"},"primaryImageOfPage":{"@id":"https:\/\/www.nuvia.com\/sv\/lansering-av-serien-manadens-portratt\/#primaryimage"},"image":{"@id":"https:\/\/www.nuvia.com\/sv\/lansering-av-serien-manadens-portratt\/#primaryimage"},"thumbnailUrl":"https:\/\/www.nuvia.com\/wp-content\/uploads\/sites\/2\/2026\/01\/Portrait-of-the-month-ENG-web-nuvia.jpg","datePublished":"2026-01-21T13:52:38+00:00","dateModified":"2026-01-22T09:14:12+00:00","description":"Uppt\u00e4ck NUVIA:s serie \u201dM\u00e5nadens portr\u00e4tt\u201d och m\u00f6t Ana\u00efs Prolongeau, projektledare som g\u00e5tt fr\u00e5n offshore till k\u00e4rnkraft.","breadcrumb":{"@id":"https:\/\/www.nuvia.com\/sv\/lansering-av-serien-manadens-portratt\/#breadcrumb"},"inLanguage":"sv-SE","potentialAction":[{"@type":"ReadAction","target":["https:\/\/www.nuvia.com\/sv\/lansering-av-serien-manadens-portratt\/"]}]},{"@type":"ImageObject","inLanguage":"sv-SE","@id":"https:\/\/www.nuvia.com\/sv\/lansering-av-serien-manadens-portratt\/#primaryimage","url":"https:\/\/www.nuvia.com\/wp-content\/uploads\/sites\/2\/2026\/01\/Portrait-of-the-month-ENG-web-nuvia.jpg","contentUrl":"https:\/\/www.nuvia.com\/wp-content\/uploads\/sites\/2\/2026\/01\/Portrait-of-the-month-ENG-web-nuvia.jpg","width":800,"height":533,"caption":"Portrait of the month ENG web nuvia"},{"@type":"BreadcrumbList","@id":"https:\/\/www.nuvia.com\/sv\/lansering-av-serien-manadens-portratt\/#breadcrumb","itemListElement":[{"@type":"ListItem","position":1,"name":"Hem","item":"https:\/\/www.nuvia.com\/sv\/"},{"@type":"ListItem","position":2,"name":"Lansering av serien \u201dM\u00e5nadens portr\u00e4tt\u201d"}]},{"@type":"WebSite","@id":"https:\/\/www.nuvia.com\/sv\/#website","url":"https:\/\/www.nuvia.com\/sv\/","name":"Nuvia","description":"Supporting your energy","publisher":{"@id":"https:\/\/www.nuvia.com\/sv\/#organization"},"alternateName":"Nuvia","potentialAction":[{"@type":"SearchAction","target":{"@type":"EntryPoint","urlTemplate":"https:\/\/www.nuvia.com\/sv\/?s={search_term_string}"},"query-input":{"@type":"PropertyValueSpecification","valueRequired":true,"valueName":"search_term_string"}}],"inLanguage":"sv-SE"},{"@type":["Organization","Place"],"@id":"https:\/\/www.nuvia.com\/sv\/#organization","name":"NUVIA","alternateName":"NUVIA","url":"https:\/\/www.nuvia.com\/sv\/","logo":{"@id":"https:\/\/www.nuvia.com\/sv\/lansering-av-serien-manadens-portratt\/#local-main-organization-logo"},"image":{"@id":"https:\/\/www.nuvia.com\/sv\/lansering-av-serien-manadens-portratt\/#local-main-organization-logo"},"sameAs":["https:\/\/www.linkedin.com\/company\/nuviagroup\/","https:\/\/www.youtube.com\/@nuviagroup"],"description":"NUVIA is an international company providing innovative solutions in EPC, engineering, services and products for highly regulated and sensitive industrial sites with over 60 years of experience in the nuclear industry.","legalName":"Nuvia","foundingDate":"2008-01-19","numberOfEmployees":{"@type":"QuantitativeValue","minValue":"1001","maxValue":"5000"},"publishingPrinciples":"https:\/\/www.nuvia.com\/about-nuvia\/","ownershipFundingInfo":"https:\/\/www.nuvia.com\/about-nuvia\/","actionableFeedbackPolicy":"https:\/\/www.nuvia.com\/legal-mentions\/","correctionsPolicy":"https:\/\/www.nuvia.com\/legal-mentions\/","ethicsPolicy":"https:\/\/www.nuvia.com\/about-nuvia\/our-commitments\/","diversityPolicy":"https:\/\/www.nuvia.com\/join-us\/working-at-nuvia-worldwide\/","diversityStaffingReport":"https:\/\/www.nuvia.com\/join-us\/working-at-nuvia-worldwide\/","address":{"@id":"https:\/\/www.nuvia.com\/sv\/lansering-av-serien-manadens-portratt\/#local-main-place-address"},"geo":{"@type":"GeoCoordinates","latitude":"48.873600006103516","longitude":"2.1653122901916504"},"telephone":["0147767585"],"contactPoint":{"@type":"ContactPoint","telephone":"0147767585","email":"contact@nuvia.com"},"openingHoursSpecification":[{"@type":"OpeningHoursSpecification","dayOfWeek":["Monday","Tuesday","Wednesday","Thursday","Friday","Saturday","Sunday"],"opens":"09:00","closes":"17:00"}],"email":"contact@nuvia.com","vatID":"FR94348473950"},{"@type":"Person","@id":"https:\/\/www.nuvia.com\/sv\/#\/schema\/person\/4d55ea929cef0854d4a96f4b5b37c065","name":"Admin","image":{"@type":"ImageObject","inLanguage":"sv-SE","@id":"https:\/\/secure.gravatar.com\/avatar\/0e5a36eb2a1498fe2076d9acc6a590ef645f069f4db5601f133eba7e4c564739?s=96&d=mm&r=g","url":"https:\/\/secure.gravatar.com\/avatar\/0e5a36eb2a1498fe2076d9acc6a590ef645f069f4db5601f133eba7e4c564739?s=96&d=mm&r=g","contentUrl":"https:\/\/secure.gravatar.com\/avatar\/0e5a36eb2a1498fe2076d9acc6a590ef645f069f4db5601f133eba7e4c564739?s=96&d=mm&r=g","caption":"Admin"},"sameAs":["https:\/\/dev.nuvia.com"]},{"@type":"PostalAddress","@id":"https:\/\/www.nuvia.com\/sv\/lansering-av-serien-manadens-portratt\/#local-main-place-address","streetAddress":"280 AVENUE NAPOLEON BONAPARTE","addressLocality":"RUEIL MALMAISON","postalCode":"92500","addressCountry":"FR"},{"@type":"ImageObject","inLanguage":"sv-SE","@id":"https:\/\/www.nuvia.com\/sv\/lansering-av-serien-manadens-portratt\/#local-main-organization-logo","url":"https:\/\/www.nuvia.com\/wp-content\/uploads\/sites\/2\/2025\/12\/N-logH-CQ.jpg","contentUrl":"https:\/\/www.nuvia.com\/wp-content\/uploads\/sites\/2\/2025\/12\/N-logH-CQ.jpg","width":838,"height":297,"caption":"NUVIA"}]},"geo.placename":"RUEIL MALMAISON","geo.position":{"lat":"48.873600006103516","long":"2.1653122901916504"},"geo.region":"Frankrike"},"_links":{"self":[{"href":"https:\/\/www.nuvia.com\/sv\/wp-json\/wp\/v2\/posts\/30128","targetHints":{"allow":["GET"]}}],"collection":[{"href":"https:\/\/www.nuvia.com\/sv\/wp-json\/wp\/v2\/posts"}],"about":[{"href":"https:\/\/www.nuvia.com\/sv\/wp-json\/wp\/v2\/types\/post"}],"author":[{"embeddable":true,"href":"https:\/\/www.nuvia.com\/sv\/wp-json\/wp\/v2\/users\/1"}],"replies":[{"embeddable":true,"href":"https:\/\/www.nuvia.com\/sv\/wp-json\/wp\/v2\/comments?post=30128"}],"version-history":[{"count":4,"href":"https:\/\/www.nuvia.com\/sv\/wp-json\/wp\/v2\/posts\/30128\/revisions"}],"predecessor-version":[{"id":30156,"href":"https:\/\/www.nuvia.com\/sv\/wp-json\/wp\/v2\/posts\/30128\/revisions\/30156"}],"wp:featuredmedia":[{"embeddable":true,"href":"https:\/\/www.nuvia.com\/sv\/wp-json\/wp\/v2\/media\/30102"}],"wp:attachment":[{"href":"https:\/\/www.nuvia.com\/sv\/wp-json\/wp\/v2\/media?parent=30128"}],"wp:term":[{"taxonomy":"category","embeddable":true,"href":"https:\/\/www.nuvia.com\/sv\/wp-json\/wp\/v2\/categories?post=30128"},{"taxonomy":"post_tag","embeddable":true,"href":"https:\/\/www.nuvia.com\/sv\/wp-json\/wp\/v2\/tags?post=30128"}],"curies":[{"name":"wp","href":"https:\/\/api.w.org\/{rel}","templated":true}]}}